{"id":622,"date":"2025-11-02T12:06:20","date_gmt":"2025-11-02T12:06:20","guid":{"rendered":"https:\/\/landgasthof-dotzler.de\/?p=622"},"modified":"2025-11-18T12:10:51","modified_gmt":"2025-11-18T12:10:51","slug":"wuenschebaum-2025","status":"publish","type":"post","link":"https:\/\/landgasthof-dotzler.de\/?p=622","title":{"rendered":"W\u00fcnschebaum 2025"},"content":{"rendered":"\n<p>Wir starten dieses Jahr gemeinsam mit dem Bauunternehmen Luber &amp; Freller und detaildesign Fotografie &amp; Grafikdesign in die dritte Runde des Freudenberger W\u00fcnschebaums!<\/p>\n\n\n\n<p>Die Idee: <\/p>\n\n\n\n<p>F\u00fcr Viele sind Weihnachtsgeschenke selbstverst\u00e4ndlich. Aber auch in unserer Gemeinde gibt es Kinder aus mittellosen Familien, deren Weihnachtsw\u00fcnsche unerf\u00fcllt bleiben. Genau daf\u00fcr ist der W\u00fcnschebaum! Es ist ein ganz besonderer Christbaum, an den wir die anonymisierten W\u00fcnsche der Kinder gesammelt h\u00e4ngen und von dem dann freiwillige Wunscherf\u00fcller zur Tat schreiten k\u00f6nnen.<\/p>\n\n\n\n<p>Au\u00dferdem sammeln wir im Zuge der Aktion auch wieder Geldspenden f\u00fcr Ninos Kinderhaus in Amberg &#8211; eine Einrichtung f\u00fcr intensivpflegebed\u00fcrftige Kinder und Jugendliche. Die Spenden- und auch eine der W\u00fcnschesammelboxen stehen bei uns im Wirtshaus.<\/p>\n\n\n\n<div data-wp-interactive=\"core\/file\" class=\"wp-block-file\"><object data-wp-bind--hidden=\"!state.hasPdfPreview\" hidden class=\"wp-block-file__embed\" data=\"https:\/\/landgasthof-dotzler.de\/wp-content\/uploads\/2025\/11\/Handzettel-25.pdf\" type=\"application\/pdf\" style=\"width:100%;height:600px\" aria-label=\"Einbettung von Handzettel 25.\"><\/object><a id=\"wp-block-file--media-7d44e902-fb25-4468-9619-7d103c82ab45\" href=\"https:\/\/landgasthof-dotzler.de\/wp-content\/uploads\/2025\/11\/Handzettel-25.pdf\">Handzettel 25<\/a><a href=\"https:\/\/landgasthof-dotzler.de\/wp-content\/uploads\/2025\/11\/Handzettel-25.pdf\" class=\"wp-block-file__button wp-element-button\" download aria-describedby=\"wp-block-file--media-7d44e902-fb25-4468-9619-7d103c82ab45\">Herunterladen<\/a><\/div>\n\n\n\n<p><strong>Mehr Infos gibt&#8217;s in Instagram:<\/strong> <a href=\"https:\/\/www.instagram.com\/freudenberger_wuenschebaum\/\">https:\/\/www.instagram.com\/freudenberger_wuenschebaum\/<\/a><\/p>\n\n\n\n<p><\/p>\n","protected":false},"excerpt":{"rendered":"<p>Wir starten dieses Jahr gemeinsam mit dem Bauunternehmen Luber &amp; Freller und detaildesign Fotografie &amp; Grafikdesign in die dritte Runde des Freudenberger W\u00fcnschebaums! Die Idee: F\u00fcr Viele sind Weihnachtsgeschenke selbstverst\u00e4ndlich. [&hellip;]<\/p>\n","protected":false},"author":1,"featured_media":0,"comment_status":"closed","ping_status":"closed","sticky":false,"template":"","format":"standard","meta":{"_jetpack_memberships_contains_paid_content":false,"footnotes":""},"categories":[1],"tags":[],"class_list":["post-622","post","type-post","status-publish","format-standard","hentry","category-uncategorized","entry"],"jetpack_featured_media_url":"","jetpack_sharing_enabled":true,"_links":{"self":[{"href":"https:\/\/landgasthof-dotzler.de\/index.php?rest_route=\/wp\/v2\/posts\/622","targetHints":{"allow":["GET"]}}],"collection":[{"href":"https:\/\/landgasthof-dotzler.de\/index.php?rest_route=\/wp\/v2\/posts"}],"about":[{"href":"https:\/\/landgasthof-dotzler.de\/index.php?rest_route=\/wp\/v2\/types\/post"}],"author":[{"embeddable":true,"href":"https:\/\/landgasthof-dotzler.de\/index.php?rest_route=\/wp\/v2\/users\/1"}],"replies":[{"embeddable":true,"href":"https:\/\/landgasthof-dotzler.de\/index.php?rest_route=%2Fwp%2Fv2%2Fcomments&post=622"}],"version-history":[{"count":1,"href":"https:\/\/landgasthof-dotzler.de\/index.php?rest_route=\/wp\/v2\/posts\/622\/revisions"}],"predecessor-version":[{"id":624,"href":"https:\/\/landgasthof-dotzler.de\/index.php?rest_route=\/wp\/v2\/posts\/622\/revisions\/624"}],"wp:attachment":[{"href":"https:\/\/landgasthof-dotzler.de\/index.php?rest_route=%2Fwp%2Fv2%2Fmedia&parent=622"}],"wp:term":[{"taxonomy":"category","embeddable":true,"href":"https:\/\/landgasthof-dotzler.de\/index.php?rest_route=%2Fwp%2Fv2%2Fcategories&post=622"},{"taxonomy":"post_tag","embeddable":true,"href":"https:\/\/landgasthof-dotzler.de\/index.php?rest_route=%2Fwp%2Fv2%2Ftags&post=622"}],"curies":[{"name":"wp","href":"https:\/\/api.w.org\/{rel}","templated":true}]}}