{"id":383,"date":"2023-11-13T11:56:02","date_gmt":"2023-11-13T11:56:02","guid":{"rendered":"http:\/\/landgasthof-dotzler.de\/?p=383"},"modified":"2025-03-03T18:14:44","modified_gmt":"2025-03-03T18:14:44","slug":"der-wuenschebaum","status":"publish","type":"post","link":"https:\/\/landgasthof-dotzler.de\/?p=383","title":{"rendered":"Der W\u00fcnschebaum"},"content":{"rendered":"\n<p>Wir unterst\u00fctzen das Projekt <strong>W\u00fcnschebaum<\/strong>. Die Aktion ist ein soziales Projekt, bei dem Weihnachtsw\u00fcnsche bed\u00fcrftiger Kinder aus der Gemeinde Freudenberg gesammelt und von Freiwilligen erf\u00fcllt werden. Das Projekt wurde initiiert vom Bauunternehmen Luber &amp; Freller und dem Landgasthof Dotzler in Freudenberg. Es wird dieses Jahr zum zweiten Mal umgesetzt.<\/p>\n\n\n\n<p>Was dahinter steckt:<\/p>\n\n\n<div class=\"wp-block-image\">\n<figure class=\"aligncenter size-large\"><img loading=\"lazy\" decoding=\"async\" width=\"724\" height=\"1024\" src=\"https:\/\/landgasthof-dotzler.de\/wp-content\/uploads\/2023\/11\/Plakat24-724x1024.png\" alt=\"\" class=\"wp-image-489\" srcset=\"https:\/\/landgasthof-dotzler.de\/wp-content\/uploads\/2023\/11\/Plakat24-724x1024.png 724w, https:\/\/landgasthof-dotzler.de\/wp-content\/uploads\/2023\/11\/Plakat24-212x300.png 212w, https:\/\/landgasthof-dotzler.de\/wp-content\/uploads\/2023\/11\/Plakat24-768x1086.png 768w, https:\/\/landgasthof-dotzler.de\/wp-content\/uploads\/2023\/11\/Plakat24-1086x1536.png 1086w, https:\/\/landgasthof-dotzler.de\/wp-content\/uploads\/2023\/11\/Plakat24-1448x2048.png 1448w, https:\/\/landgasthof-dotzler.de\/wp-content\/uploads\/2023\/11\/Plakat24-1568x2217.png 1568w, https:\/\/landgasthof-dotzler.de\/wp-content\/uploads\/2023\/11\/Plakat24-1920x2715.png 1920w, https:\/\/landgasthof-dotzler.de\/wp-content\/uploads\/2023\/11\/Plakat24-600x849.png 600w, https:\/\/landgasthof-dotzler.de\/wp-content\/uploads\/2023\/11\/Plakat24-300x424.png 300w\" sizes=\"auto, (max-width: 724px) 100vw, 724px\" \/><\/figure>\n<\/div>\n\n\n<p>Mehr Informationen gibt es auch in Instagram: @freudenberger_wuenschebaum<\/p>\n\n\n\n<p>F\u00fcr weitere Fragen stehen wir selbstverst\u00e4ndlich jederzeit zur Verf\u00fcgung! <\/p>\n\n\n\n<p><strong>Wir freuen uns auf zahlreiche Kinderw\u00fcnsche und viele freiwillige Wunscherf\u00fcller!<\/strong><\/p>\n\n\n<div class=\"wp-block-image\">\n<figure class=\"aligncenter size-large\"><img loading=\"lazy\" decoding=\"async\" width=\"1024\" height=\"683\" src=\"https:\/\/landgasthof-dotzler.de\/wp-content\/uploads\/2023\/11\/IMG_8550-1-1024x683.jpg\" alt=\"\" class=\"wp-image-391\" srcset=\"https:\/\/landgasthof-dotzler.de\/wp-content\/uploads\/2023\/11\/IMG_8550-1-1024x683.jpg 1024w, https:\/\/landgasthof-dotzler.de\/wp-content\/uploads\/2023\/11\/IMG_8550-1-300x200.jpg 300w, https:\/\/landgasthof-dotzler.de\/wp-content\/uploads\/2023\/11\/IMG_8550-1-768x512.jpg 768w, https:\/\/landgasthof-dotzler.de\/wp-content\/uploads\/2023\/11\/IMG_8550-1-1536x1024.jpg 1536w, https:\/\/landgasthof-dotzler.de\/wp-content\/uploads\/2023\/11\/IMG_8550-1-2048x1365.jpg 2048w, https:\/\/landgasthof-dotzler.de\/wp-content\/uploads\/2023\/11\/IMG_8550-1-1568x1045.jpg 1568w, https:\/\/landgasthof-dotzler.de\/wp-content\/uploads\/2023\/11\/IMG_8550-1-1920x1280.jpg 1920w, https:\/\/landgasthof-dotzler.de\/wp-content\/uploads\/2023\/11\/IMG_8550-1-600x400.jpg 600w\" sizes=\"auto, (max-width: 1024px) 100vw, 1024px\" \/><figcaption class=\"wp-element-caption\">Gruppenfoto aus 2023, als das W\u00fcnschebaum-Projekt das erste Mal gestartet wurde.<br>Von links nach rechts: Johanna N\u00fcbler, Stefan Dotzler, Isabell Dotzler, Johannes Dotzler, Ramona Freller &amp; Alexander Freller<\/figcaption><\/figure>\n<\/div>","protected":false},"excerpt":{"rendered":"<p>Wir unterst\u00fctzen das Projekt W\u00fcnschebaum. Die Aktion ist ein soziales Projekt, bei dem Weihnachtsw\u00fcnsche bed\u00fcrftiger Kinder aus der Gemeinde Freudenberg gesammelt und von Freiwilligen erf\u00fcllt werden. Das Projekt wurde initiiert [&hellip;]<\/p>\n","protected":false},"author":1,"featured_media":0,"comment_status":"closed","ping_status":"closed","sticky":false,"template":"","format":"standard","meta":{"_jetpack_memberships_contains_paid_content":false,"footnotes":""},"categories":[1],"tags":[],"class_list":["post-383","post","type-post","status-publish","format-standard","hentry","category-uncategorized","entry"],"jetpack_featured_media_url":"","jetpack_sharing_enabled":true,"_links":{"self":[{"href":"https:\/\/landgasthof-dotzler.de\/index.php?rest_route=\/wp\/v2\/posts\/383","targetHints":{"allow":["GET"]}}],"collection":[{"href":"https:\/\/landgasthof-dotzler.de\/index.php?rest_route=\/wp\/v2\/posts"}],"about":[{"href":"https:\/\/landgasthof-dotzler.de\/index.php?rest_route=\/wp\/v2\/types\/post"}],"author":[{"embeddable":true,"href":"https:\/\/landgasthof-dotzler.de\/index.php?rest_route=\/wp\/v2\/users\/1"}],"replies":[{"embeddable":true,"href":"https:\/\/landgasthof-dotzler.de\/index.php?rest_route=%2Fwp%2Fv2%2Fcomments&post=383"}],"version-history":[{"count":6,"href":"https:\/\/landgasthof-dotzler.de\/index.php?rest_route=\/wp\/v2\/posts\/383\/revisions"}],"predecessor-version":[{"id":498,"href":"https:\/\/landgasthof-dotzler.de\/index.php?rest_route=\/wp\/v2\/posts\/383\/revisions\/498"}],"wp:attachment":[{"href":"https:\/\/landgasthof-dotzler.de\/index.php?rest_route=%2Fwp%2Fv2%2Fmedia&parent=383"}],"wp:term":[{"taxonomy":"category","embeddable":true,"href":"https:\/\/landgasthof-dotzler.de\/index.php?rest_route=%2Fwp%2Fv2%2Fcategories&post=383"},{"taxonomy":"post_tag","embeddable":true,"href":"https:\/\/landgasthof-dotzler.de\/index.php?rest_route=%2Fwp%2Fv2%2Ftags&post=383"}],"curies":[{"name":"wp","href":"https:\/\/api.w.org\/{rel}","templated":true}]}}